{"id":1428,"date":"2024-08-29T05:32:18","date_gmt":"2024-08-29T05:32:18","guid":{"rendered":"https:\/\/frp.mk\/?p=1407"},"modified":"2024-08-29T05:32:18","modified_gmt":"2024-08-29T05:32:18","slug":"academy-for-public-policy-fourth-generation-open-call-2","status":"publish","type":"post","link":"https:\/\/frp.mk\/en\/academy-for-public-policy-fourth-generation-open-call-2\/","title":{"rendered":"Academy for Public Policy -Fourth Generation (open call)"},"content":{"rendered":"\n<p><\/p>\n\n\n<p>\u00a0<\/p>\n<p id=\"tw-target-text\" class=\"tw-data-text tw-text-large tw-ta\" dir=\"ltr\" data-placeholder=\"Translation\" aria-label=\"Translated text\" data-ved=\"2ahUKEwjH9ab-v5iIAxULJhAIHSsDCn8Q3ewLegQIBxAU\"><span class=\"Y2IQFc\" lang=\"en\">The call for applications for participation in the Academy for Public Policy &#8211; Fourth Generation is open. (only available in Macedonian and Albanian language)<\/span><\/p>\n<p class=\"tw-data-text tw-text-large tw-ta\" dir=\"ltr\" data-placeholder=\"Translation\" aria-label=\"Translated text\" data-ved=\"2ahUKEwjH9ab-v5iIAxULJhAIHSsDCn8Q3ewLegQIBxAU\">\u041e\u0442\u0432\u043e\u0440\u0435\u043d \u0435 \u043f\u043e\u0432\u0438\u043a\u043e\u0442 \u0437\u0430 \u043f\u043e\u0434\u043d\u0435\u0441\u0443\u0432\u0430\u045a\u0435 \u043d\u0430 \u0430\u043f\u043b\u0438\u043a\u0430\u0446\u0438\u0438 \u0437\u0430 \u0443\u0447\u0435\u0441\u0442\u0432\u043e \u043d\u0430 \u0410\u043a\u0430\u0434\u0435\u043c\u0438\u0458\u0430\u0442\u0430 \u0437\u0430 \u0458\u0430\u0432\u043d\u0438 \u043f\u043e\u043b\u0438\u0442\u0438\u043a\u0438- \u0447\u0435\u0442\u0432\u0440\u0442\u0430 \u0433\u0435\u043d\u0435\u0440\u0430\u0446\u0438\u0458\u0430. \u041f\u043e\u0432\u0435\u045c\u0435 \u0438\u043d\u0444\u043e\u0440\u043c\u0430\u0446\u0438\u0438 \u0437\u0430 \u0430\u043a\u0430\u0434\u0435\u043c\u0438\u0458\u0430\u0442\u0430 \u0438 \u043a\u0440\u0438\u0442\u0435\u0440\u0438\u0443\u043c\u0438\u0442\u0435 \u0437\u0430 \u0443\u0447\u0435\u0441\u0442\u0432\u043e \u045c\u0435 \u043d\u0430\u0458\u0434\u0435\u0442\u0435 \u043d\u0430 \u043e\u0432\u043e\u0458 <a href=\"https:\/\/frp.mk\/wp-content\/uploads\/2024\/08\/\u041f\u043e\u0432\u0438\u043a-\u0437\u0430-\u043f\u043e\u0434\u043d\u0435\u0441\u0443\u0432\u0430\u045a\u0435-\u043d\u0430-\u0430\u043f\u043b\u0438\u043a\u0430\u0446\u0438\u0438-\u0437\u0430-\u0410\u043a\u0430\u0434\u0435\u043c\u0438\u0458\u0430-\u0437\u0430-\u0458\u0430\u0432\u043d\u0438-\u043f\u043e\u043b\u0438\u0442\u0438\u043a\u0438_IV-\u0433\u0435\u043d\u0435\u0440\u0430\u0446\u0438\u0458\u0430.pdf\">\u043b\u0438\u043d\u043a<\/a><\/p>\n<p>\u00cbsht\u00eb hapur thirrja p\u00ebr aplikime p\u00ebr pjes\u00ebmarrje n\u00eb Akademin\u00eb p\u00ebr Politika Publike &#8211; Gjenerata e Kat\u00ebrt. M\u00eb shum\u00eb informacion p\u00ebr akademin\u00eb dhe kriteret e pjes\u00ebmarrjes do t\u00eb gjeni n\u00eb k\u00ebt\u00eb <a href=\"https:\/\/frp.mk\/wp-content\/uploads\/2024\/08\/Thirrje-per-aplikime-_APP_-Gjenerata-e-IV.pdf\">link.<\/a><\/p>","protected":false},"excerpt":{"rendered":"<p>\u00a0 The call for applications for participation in the Academy for Public Policy &#8211; Fourth Generation is open. (only available in Macedonian and Albanian language) \u041e\u0442\u0432\u043e\u0440\u0435\u043d \u0435 \u043f\u043e\u0432\u0438\u043a\u043e\u0442 \u0437\u0430 \u043f\u043e\u0434\u043d\u0435\u0441\u0443\u0432\u0430\u045a\u0435 \u043d\u0430 \u0430\u043f\u043b\u0438\u043a\u0430\u0446\u0438\u0438 \u0437\u0430 \u0443\u0447\u0435\u0441\u0442\u0432\u043e \u043d\u0430 \u0410\u043a\u0430\u0434\u0435\u043c\u0438\u0458\u0430\u0442\u0430 \u0437\u0430 \u0458\u0430\u0432\u043d\u0438 \u043f\u043e\u043b\u0438\u0442\u0438\u043a\u0438- \u0447\u0435\u0442\u0432\u0440\u0442\u0430 \u0433\u0435\u043d\u0435\u0440\u0430\u0446\u0438\u0458\u0430. \u041f\u043e\u0432\u0435\u045c\u0435 \u0438\u043d\u0444\u043e\u0440\u043c\u0430\u0446\u0438\u0438 \u0437\u0430 \u0430\u043a\u0430\u0434\u0435\u043c\u0438\u0458\u0430\u0442\u0430 \u0438 \u043a\u0440\u0438\u0442\u0435\u0440\u0438\u0443\u043c\u0438\u0442\u0435 \u0437\u0430 \u0443\u0447\u0435\u0441\u0442\u0432\u043e \u045c\u0435 \u043d\u0430\u0458\u0434\u0435\u0442\u0435 \u043d\u0430 \u043e\u0432\u043e\u0458 \u043b\u0438\u043d\u043a \u00cbsht\u00eb [&hellip;]<\/p>\n","protected":false},"author":2,"featured_media":1408,"comment_status":"closed","ping_status":"open","sticky":false,"template":"","format":"standard","meta":{"footnotes":""},"categories":[32],"tags":[],"class_list":["post-1428","post","type-post","status-publish","format-standard","has-post-thumbnail","hentry","category-news"],"_links":{"self":[{"href":"https:\/\/frp.mk\/en\/wp-json\/wp\/v2\/posts\/1428","targetHints":{"allow":["GET"]}}],"collection":[{"href":"https:\/\/frp.mk\/en\/wp-json\/wp\/v2\/posts"}],"about":[{"href":"https:\/\/frp.mk\/en\/wp-json\/wp\/v2\/types\/post"}],"author":[{"embeddable":true,"href":"https:\/\/frp.mk\/en\/wp-json\/wp\/v2\/users\/2"}],"replies":[{"embeddable":true,"href":"https:\/\/frp.mk\/en\/wp-json\/wp\/v2\/comments?post=1428"}],"version-history":[{"count":2,"href":"https:\/\/frp.mk\/en\/wp-json\/wp\/v2\/posts\/1428\/revisions"}],"predecessor-version":[{"id":1452,"href":"https:\/\/frp.mk\/en\/wp-json\/wp\/v2\/posts\/1428\/revisions\/1452"}],"wp:featuredmedia":[{"embeddable":true,"href":"https:\/\/frp.mk\/en\/wp-json\/wp\/v2\/media\/1408"}],"wp:attachment":[{"href":"https:\/\/frp.mk\/en\/wp-json\/wp\/v2\/media?parent=1428"}],"wp:term":[{"taxonomy":"category","embeddable":true,"href":"https:\/\/frp.mk\/en\/wp-json\/wp\/v2\/categories?post=1428"},{"taxonomy":"post_tag","embeddable":true,"href":"https:\/\/frp.mk\/en\/wp-json\/wp\/v2\/tags?post=1428"}],"curies":[{"name":"wp","href":"https:\/\/api.w.org\/{rel}","templated":true}]}}